{"id":2464,"date":"2022-10-17T17:51:20","date_gmt":"2022-10-17T15:51:20","guid":{"rendered":"https:\/\/www.uni-weimar.de\/projekte\/radioartresidencyweimar\/?p=2464"},"modified":"2022-10-17T17:51:21","modified_gmt":"2022-10-17T15:51:21","slug":"ein-gesprach-mit-warrick-swinney-auf-bauhaus-fm","status":"publish","type":"post","link":"https:\/\/www.uni-weimar.de\/projekte\/radioartresidencyweimar\/de\/ein-gesprach-mit-warrick-swinney-auf-bauhaus-fm\/","title":{"rendered":"Ein Gespr\u00e4ch mit Warrick Swinney auf bauhaus.fm"},"content":{"rendered":"\n<p>Ein Gespr\u00e4ch mit Warrick Swinney \u00fcber seine radiophonen Einfl\u00fcsse, seine Arbeit und was Sie in den n\u00e4chsten Wochen in Weimar erwartet.<\/p>\n\n\n\n<p>Moderation:Eleftherios Krysalis<br>Technik: Vivien Mercedes Jester<\/p>\n\n\n\n<figure class=\"wp-block-embed is-type-rich is-provider-mixcloud wp-block-embed-mixcloud wp-embed-aspect-21-9 wp-has-aspect-ratio\"><div class=\"wp-block-embed__wrapper\">\n<div class=\"oceanwp-oembed-wrap clr\"><iframe loading=\"lazy\" title=\"A Talk With Warrick Swinney On Bauhaus.Fm (3 Nov. 2022)\" width=\"100%\" height=\"120\" src=\"https:\/\/www.mixcloud.com\/widget\/iframe\/?feed=https%3A%2F%2Fwww.mixcloud.com%2Fradioart_residency_weimar%2Fa-talk-with-warrick-swinney-on-bauhausfm-3-nov-2022%2F&amp;hide_cover=1\" frameborder=\"0\"><\/iframe><\/div>\n<\/div><\/figure>\n","protected":false},"excerpt":{"rendered":"<p>Ein Gespr\u00e4ch mit Warrick Swinney \u00fcber seine radiophonen Einfl\u00fcsse, seine Arbeit und was Sie in den n\u00e4chsten Wochen in Weimar erwartet. Moderation:Eleftherios KrysalisTechnik: Vivien Mercedes Jester<\/p>\n","protected":false},"author":2,"featured_media":2462,"comment_status":"closed","ping_status":"closed","sticky":false,"template":"","format":"standard","meta":[],"categories":[17],"tags":[],"_links":{"self":[{"href":"https:\/\/www.uni-weimar.de\/projekte\/radioartresidencyweimar\/wp-json\/wp\/v2\/posts\/2464"}],"collection":[{"href":"https:\/\/www.uni-weimar.de\/projekte\/radioartresidencyweimar\/wp-json\/wp\/v2\/posts"}],"about":[{"href":"https:\/\/www.uni-weimar.de\/projekte\/radioartresidencyweimar\/wp-json\/wp\/v2\/types\/post"}],"author":[{"embeddable":true,"href":"https:\/\/www.uni-weimar.de\/projekte\/radioartresidencyweimar\/wp-json\/wp\/v2\/users\/2"}],"replies":[{"embeddable":true,"href":"https:\/\/www.uni-weimar.de\/projekte\/radioartresidencyweimar\/wp-json\/wp\/v2\/comments?post=2464"}],"version-history":[{"count":1,"href":"https:\/\/www.uni-weimar.de\/projekte\/radioartresidencyweimar\/wp-json\/wp\/v2\/posts\/2464\/revisions"}],"predecessor-version":[{"id":2465,"href":"https:\/\/www.uni-weimar.de\/projekte\/radioartresidencyweimar\/wp-json\/wp\/v2\/posts\/2464\/revisions\/2465"}],"wp:featuredmedia":[{"embeddable":true,"href":"https:\/\/www.uni-weimar.de\/projekte\/radioartresidencyweimar\/wp-json\/wp\/v2\/media\/2462"}],"wp:attachment":[{"href":"https:\/\/www.uni-weimar.de\/projekte\/radioartresidencyweimar\/wp-json\/wp\/v2\/media?parent=2464"}],"wp:term":[{"taxonomy":"category","embeddable":true,"href":"https:\/\/www.uni-weimar.de\/projekte\/radioartresidencyweimar\/wp-json\/wp\/v2\/categories?post=2464"},{"taxonomy":"post_tag","embeddable":true,"href":"https:\/\/www.uni-weimar.de\/projekte\/radioartresidencyweimar\/wp-json\/wp\/v2\/tags?post=2464"}],"curies":[{"name":"wp","href":"https:\/\/api.w.org\/{rel}","templated":true}]}}