{"id":3856,"date":"2022-01-31T21:35:24","date_gmt":"2022-01-31T20:35:24","guid":{"rendered":"https:\/\/www.uni-weimar.de\/projekte\/kurzschluss\/?p=3856"},"modified":"2022-02-03T18:49:27","modified_gmt":"2022-02-03T17:49:27","slug":"sitzen-fold-hannah-anna-sterrler","status":"publish","type":"post","link":"https:\/\/www.uni-weimar.de\/projekte\/kurzschluss\/sitzen\/sitzen-fold-hannah-anna-sterrler\/","title":{"rendered":"Sitzen Fold Hannah Anna Sterrler"},"content":{"rendered":"<p><div class=\"fusion-fullwidth fullwidth-box fusion-builder-row-1 fusion-flex-container nonhundred-percent-fullwidth non-hundred-percent-height-scrolling\" style=\"--awb-border-radius-top-left:0px;--awb-border-radius-top-right:0px;--awb-border-radius-bottom-right:0px;--awb-border-radius-bottom-left:0px;\" ><div class=\"fusion-builder-row fusion-row fusion-flex-align-items-flex-start\" style=\"max-width:1216.8px;margin-left: calc(-4% \/ 2 );margin-right: calc(-4% \/ 2 );\"><div class=\"fusion-layout-column fusion_builder_column fusion-builder-column-0 fusion_builder_column_1_1 1_1 fusion-flex-column\" style=\"--awb-bg-size:cover;--awb-width-large:100%;--awb-margin-top-large:0px;--awb-spacing-right-large:1.92%;--awb-margin-bottom-large:0px;--awb-spacing-left-large:1.92%;--awb-width-medium:100%;--awb-order-medium:0;--awb-spacing-right-medium:1.92%;--awb-spacing-left-medium:1.92%;--awb-width-small:100%;--awb-order-small:0;--awb-spacing-right-small:1.92%;--awb-spacing-left-small:1.92%;\"><div class=\"fusion-column-wrapper fusion-column-has-shadow fusion-flex-justify-content-flex-start fusion-content-layout-column\"><div class=\"fusion-breadcrumbs fusion-breadcrumbs-1\"><span class=\"fusion-breadcrumb-item\"><a href=\"https:\/\/www.uni-weimar.de\/projekte\/kurzschluss\" class=\"fusion-breadcrumb-link\"><span >Startseite<\/span><\/a><\/span><span class=\"fusion-breadcrumb-sep\">\/<\/span><\/div><div class=\"fusion-text fusion-text-1\" style=\"--awb-font-size:30px;--awb-line-height:var(--awb-typography1-line-height);--awb-letter-spacing:var(--awb-typography1-letter-spacing);--awb-text-transform:var(--awb-typography1-text-transform);--awb-text-font-family:var(--awb-typography1-font-family);--awb-text-font-weight:var(--awb-typography1-font-weight);--awb-text-font-style:var(--awb-typography1-font-style);\"><p>FOLD<\/p>\n<\/div><div class=\"fusion-text fusion-text-2\" style=\"--awb-font-size:var(--awb-typography2-font-size);--awb-line-height:var(--awb-typography2-line-height);--awb-letter-spacing:var(--awb-typography2-letter-spacing);--awb-text-transform:var(--awb-typography2-text-transform);--awb-text-font-family:&quot;Fira Sans&quot;;--awb-text-font-style:normal;--awb-text-font-weight:500;\"><p>Ort: Frauenplan<\/p>\n<\/div><div class=\"fusion-text fusion-text-3\" style=\"--awb-font-size:var(--awb-typography2-font-size);--awb-line-height:var(--awb-typography2-line-height);--awb-letter-spacing:var(--awb-typography2-letter-spacing);--awb-text-transform:var(--awb-typography2-text-transform);--awb-text-font-family:var(--awb-typography2-font-family);--awb-text-font-weight:var(--awb-typography2-font-weight);--awb-text-font-style:var(--awb-typography2-font-style);\"><p>Hannah Anna Sterrler<\/p>\n<\/div><\/div><\/div><div class=\"fusion-layout-column fusion_builder_column fusion-builder-column-1 fusion_builder_column_2_3 2_3 fusion-flex-column\" style=\"--awb-bg-size:cover;--awb-width-large:66.666666666667%;--awb-margin-top-large:0px;--awb-spacing-right-large:2.88%;--awb-margin-bottom-large:0px;--awb-spacing-left-large:2.88%;--awb-width-medium:100%;--awb-order-medium:0;--awb-spacing-right-medium:1.92%;--awb-spacing-left-medium:1.92%;--awb-width-small:100%;--awb-order-small:0;--awb-spacing-right-small:1.92%;--awb-spacing-left-small:1.92%;\"><div class=\"fusion-column-wrapper fusion-column-has-shadow fusion-flex-justify-content-flex-start fusion-content-layout-column\"><div class=\"fusion-image-element \" style=\"--awb-margin-bottom:5%;--awb-caption-title-font-family:var(--h2_typography-font-family);--awb-caption-title-font-weight:var(--h2_typography-font-weight);--awb-caption-title-font-style:var(--h2_typography-font-style);--awb-caption-title-size:var(--h2_typography-font-size);--awb-caption-title-transform:var(--h2_typography-text-transform);--awb-caption-title-line-height:var(--h2_typography-line-height);--awb-caption-title-letter-spacing:var(--h2_typography-letter-spacing);\"><span class=\" fusion-imageframe imageframe-glow imageframe-1 hover-type-none\" style=\"-webkit-box-shadow: 0 0 10px var(--awb-color8);box-shadow: 0 0 10px var(--awb-color8);\" class=\"image-magnify\" class=\"image-scroll\"><img decoding=\"async\" width=\"800\" height=\"1131\" alt=\"Plakat mit Grafiken\/Illustrationen und Beschreibungstext f\u00fcr eine Sitzgelegenheit an einem spezifischen Ort in Weimar\" title=\"Hannah Sterrler Sitzen\" src=\"https:\/\/www.uni-weimar.de\/projekte\/kurzschluss\/wp-content\/uploads\/2022\/01\/Sammelmappe2_Seite_15.png\" data-orig-src=\"https:\/\/www.uni-weimar.de\/projekte\/kurzschluss\/wp-content\/uploads\/2022\/01\/Sammelmappe2_Seite_15-800x1131.png\" class=\"lazyload img-responsive wp-image-3792\" srcset=\"data:image\/svg+xml,%3Csvg%20xmlns%3D%27http%3A%2F%2Fwww.w3.org%2F2000%2Fsvg%27%20width%3D%273308%27%20height%3D%274678%27%20viewBox%3D%270%200%203308%204678%27%3E%3Crect%20width%3D%273308%27%20height%3D%274678%27%20fill-opacity%3D%220%22%2F%3E%3C%2Fsvg%3E\" data-srcset=\"https:\/\/www.uni-weimar.de\/projekte\/kurzschluss\/wp-content\/uploads\/2022\/01\/Sammelmappe2_Seite_15-200x283.png 200w, https:\/\/www.uni-weimar.de\/projekte\/kurzschluss\/wp-content\/uploads\/2022\/01\/Sammelmappe2_Seite_15-400x566.png 400w, https:\/\/www.uni-weimar.de\/projekte\/kurzschluss\/wp-content\/uploads\/2022\/01\/Sammelmappe2_Seite_15-600x848.png 600w, https:\/\/www.uni-weimar.de\/projekte\/kurzschluss\/wp-content\/uploads\/2022\/01\/Sammelmappe2_Seite_15-800x1131.png 800w, https:\/\/www.uni-weimar.de\/projekte\/kurzschluss\/wp-content\/uploads\/2022\/01\/Sammelmappe2_Seite_15-1200x1697.png 1200w\" data-sizes=\"auto\" data-orig-sizes=\"(max-width: 1024px) 100vw, (max-width: 640px) 100vw, 800px\" \/><\/span><\/div><\/div><\/div><div class=\"fusion-layout-column fusion_builder_column fusion-builder-column-2 fusion_builder_column_1_3 1_3 fusion-flex-column\" style=\"--awb-bg-size:cover;--awb-width-large:33.333333333333%;--awb-margin-top-large:0px;--awb-spacing-right-large:5.76%;--awb-margin-bottom-large:0px;--awb-spacing-left-large:5.76%;--awb-width-medium:100%;--awb-order-medium:0;--awb-spacing-right-medium:1.92%;--awb-spacing-left-medium:1.92%;--awb-width-small:100%;--awb-order-small:0;--awb-spacing-right-small:1.92%;--awb-spacing-left-small:1.92%;\"><div class=\"fusion-column-wrapper fusion-column-has-shadow fusion-flex-justify-content-flex-start fusion-content-layout-column\"><div class=\"fusion-text fusion-text-4\" style=\"--awb-text-transform:none;\"><p>Die Sitzgelegenheit FOLD ist f\u00fcr an Gr\u00fcnfl\u00e4chen angrenzende Mauern am Frauenplan entworfen. Sie ist vielseitig einsetzbar. FOLD kann im gefalteten oder im entfalteten Zustand, mit oder ohne Lehne genutzt werden. Die Lehne und die Sitzfl\u00e4che bestehen aus individuellen Holzleisten, welche ineinander klappen.<\/p>\n<\/div><\/div><\/div><\/div><\/div><div class=\"fusion-fullwidth fullwidth-box fusion-builder-row-2 fusion-flex-container nonhundred-percent-fullwidth non-hundred-percent-height-scrolling\" style=\"--awb-border-radius-top-left:0px;--awb-border-radius-top-right:0px;--awb-border-radius-bottom-right:0px;--awb-border-radius-bottom-left:0px;\" ><div class=\"fusion-builder-row fusion-row fusion-flex-align-items-flex-start\" style=\"max-width:1216.8px;margin-left: calc(-4% \/ 2 );margin-right: calc(-4% \/ 2 );\"><div class=\"fusion-layout-column fusion_builder_column fusion-builder-column-3 fusion_builder_column_1_1 1_1 fusion-flex-column\" style=\"--awb-bg-size:cover;--awb-width-large:100%;--awb-margin-top-large:0px;--awb-spacing-right-large:1.92%;--awb-margin-bottom-large:0px;--awb-spacing-left-large:1.92%;--awb-width-medium:100%;--awb-order-medium:0;--awb-spacing-right-medium:1.92%;--awb-spacing-left-medium:1.92%;--awb-width-small:100%;--awb-order-small:0;--awb-spacing-right-small:1.92%;--awb-spacing-left-small:1.92%;\"><div class=\"fusion-column-wrapper fusion-column-has-shadow fusion-flex-justify-content-flex-start fusion-content-layout-column\"><\/div><\/div><\/div><\/div><\/p>\n","protected":false},"excerpt":{"rendered":"","protected":false},"author":8,"featured_media":3917,"comment_status":"open","ping_status":"open","sticky":false,"template":"","format":"standard","meta":{"inline_featured_image":false,"footnotes":""},"categories":[85],"tags":[],"class_list":["post-3856","post","type-post","status-publish","format-standard","has-post-thumbnail","hentry","category-sitzen"],"acf":[],"_links":{"self":[{"href":"https:\/\/www.uni-weimar.de\/projekte\/kurzschluss\/wp-json\/wp\/v2\/posts\/3856","targetHints":{"allow":["GET"]}}],"collection":[{"href":"https:\/\/www.uni-weimar.de\/projekte\/kurzschluss\/wp-json\/wp\/v2\/posts"}],"about":[{"href":"https:\/\/www.uni-weimar.de\/projekte\/kurzschluss\/wp-json\/wp\/v2\/types\/post"}],"author":[{"embeddable":true,"href":"https:\/\/www.uni-weimar.de\/projekte\/kurzschluss\/wp-json\/wp\/v2\/users\/8"}],"replies":[{"embeddable":true,"href":"https:\/\/www.uni-weimar.de\/projekte\/kurzschluss\/wp-json\/wp\/v2\/comments?post=3856"}],"version-history":[{"count":9,"href":"https:\/\/www.uni-weimar.de\/projekte\/kurzschluss\/wp-json\/wp\/v2\/posts\/3856\/revisions"}],"predecessor-version":[{"id":5445,"href":"https:\/\/www.uni-weimar.de\/projekte\/kurzschluss\/wp-json\/wp\/v2\/posts\/3856\/revisions\/5445"}],"wp:featuredmedia":[{"embeddable":true,"href":"https:\/\/www.uni-weimar.de\/projekte\/kurzschluss\/wp-json\/wp\/v2\/media\/3917"}],"wp:attachment":[{"href":"https:\/\/www.uni-weimar.de\/projekte\/kurzschluss\/wp-json\/wp\/v2\/media?parent=3856"}],"wp:term":[{"taxonomy":"category","embeddable":true,"href":"https:\/\/www.uni-weimar.de\/projekte\/kurzschluss\/wp-json\/wp\/v2\/categories?post=3856"},{"taxonomy":"post_tag","embeddable":true,"href":"https:\/\/www.uni-weimar.de\/projekte\/kurzschluss\/wp-json\/wp\/v2\/tags?post=3856"}],"curies":[{"name":"wp","href":"https:\/\/api.w.org\/{rel}","templated":true}]}}