{"id":3855,"date":"2022-01-31T21:30:21","date_gmt":"2022-01-31T20:30:21","guid":{"rendered":"https:\/\/www.uni-weimar.de\/projekte\/kurzschluss\/?p=3855"},"modified":"2022-02-03T18:47:18","modified_gmt":"2022-02-03T17:47:18","slug":"primen-stuhl-salome-bockemuehl","status":"publish","type":"post","link":"https:\/\/www.uni-weimar.de\/projekte\/kurzschluss\/sitzen\/primen-stuhl-salome-bockemuehl\/","title":{"rendered":"Sitzen Prismen Stuhl Salome Bockem\u00fchl"},"content":{"rendered":"<p><div class=\"fusion-fullwidth fullwidth-box fusion-builder-row-1 fusion-flex-container nonhundred-percent-fullwidth non-hundred-percent-height-scrolling\" style=\"--awb-border-radius-top-left:0px;--awb-border-radius-top-right:0px;--awb-border-radius-bottom-right:0px;--awb-border-radius-bottom-left:0px;\" ><div class=\"fusion-builder-row fusion-row fusion-flex-align-items-flex-start\" style=\"max-width:1216.8px;margin-left: calc(-4% \/ 2 );margin-right: calc(-4% \/ 2 );\"><div class=\"fusion-layout-column fusion_builder_column fusion-builder-column-0 fusion_builder_column_1_1 1_1 fusion-flex-column\" style=\"--awb-bg-size:cover;--awb-width-large:100%;--awb-margin-top-large:0px;--awb-spacing-right-large:1.92%;--awb-margin-bottom-large:0px;--awb-spacing-left-large:1.92%;--awb-width-medium:100%;--awb-order-medium:0;--awb-spacing-right-medium:1.92%;--awb-spacing-left-medium:1.92%;--awb-width-small:100%;--awb-order-small:0;--awb-spacing-right-small:1.92%;--awb-spacing-left-small:1.92%;\"><div class=\"fusion-column-wrapper fusion-column-has-shadow fusion-flex-justify-content-flex-start fusion-content-layout-column\"><div class=\"fusion-breadcrumbs fusion-breadcrumbs-1\"><span class=\"fusion-breadcrumb-item\"><a href=\"https:\/\/www.uni-weimar.de\/projekte\/kurzschluss\" class=\"fusion-breadcrumb-link\"><span >Startseite<\/span><\/a><\/span><span class=\"fusion-breadcrumb-sep\">\/<\/span><\/div><div class=\"fusion-text fusion-text-1\" style=\"--awb-font-size:30px;--awb-line-height:var(--awb-typography1-line-height);--awb-letter-spacing:var(--awb-typography1-letter-spacing);--awb-text-transform:var(--awb-typography1-text-transform);--awb-text-font-family:var(--awb-typography1-font-family);--awb-text-font-weight:var(--awb-typography1-font-weight);--awb-text-font-style:var(--awb-typography1-font-style);\"><p>PRISMEN STUHL<\/p>\n<\/div><div class=\"fusion-text fusion-text-2\" style=\"--awb-font-size:var(--awb-typography2-font-size);--awb-line-height:var(--awb-typography2-line-height);--awb-letter-spacing:var(--awb-typography2-letter-spacing);--awb-text-transform:var(--awb-typography2-text-transform);--awb-text-font-family:&quot;Fira Sans&quot;;--awb-text-font-style:normal;--awb-text-font-weight:500;\"><p>Ort: Goethes Wohnhaus<\/p>\n<\/div><div class=\"fusion-text fusion-text-3\" style=\"--awb-font-size:var(--awb-typography2-font-size);--awb-line-height:var(--awb-typography2-line-height);--awb-letter-spacing:var(--awb-typography2-letter-spacing);--awb-text-transform:var(--awb-typography2-text-transform);--awb-text-font-family:var(--awb-typography2-font-family);--awb-text-font-weight:var(--awb-typography2-font-weight);--awb-text-font-style:var(--awb-typography2-font-style);\"><p>Salome Bockem\u00fchl<\/p>\n<\/div><\/div><\/div><div class=\"fusion-layout-column fusion_builder_column fusion-builder-column-1 fusion_builder_column_2_3 2_3 fusion-flex-column\" style=\"--awb-bg-size:cover;--awb-width-large:66.666666666667%;--awb-margin-top-large:0px;--awb-spacing-right-large:2.88%;--awb-margin-bottom-large:0px;--awb-spacing-left-large:2.88%;--awb-width-medium:100%;--awb-order-medium:0;--awb-spacing-right-medium:1.92%;--awb-spacing-left-medium:1.92%;--awb-width-small:100%;--awb-order-small:0;--awb-spacing-right-small:1.92%;--awb-spacing-left-small:1.92%;\"><div class=\"fusion-column-wrapper fusion-column-has-shadow fusion-flex-justify-content-flex-start fusion-content-layout-column\"><div class=\"fusion-image-element \" style=\"--awb-margin-bottom:5%;--awb-caption-title-font-family:var(--h2_typography-font-family);--awb-caption-title-font-weight:var(--h2_typography-font-weight);--awb-caption-title-font-style:var(--h2_typography-font-style);--awb-caption-title-size:var(--h2_typography-font-size);--awb-caption-title-transform:var(--h2_typography-text-transform);--awb-caption-title-line-height:var(--h2_typography-line-height);--awb-caption-title-letter-spacing:var(--h2_typography-letter-spacing);\"><span class=\" fusion-imageframe imageframe-glow imageframe-1 hover-type-none\" style=\"-webkit-box-shadow: 0 0 10px hsla(var(--awb-color8-h),var(--awb-color8-s),calc(var(--awb-color8-l) - 13%),var(--awb-color8-a));box-shadow: 0 0 10px hsla(var(--awb-color8-h),var(--awb-color8-s),calc(var(--awb-color8-l) - 13%),var(--awb-color8-a));\" class=\"image-magnify\" class=\"image-scroll\"><img decoding=\"async\" width=\"800\" height=\"1131\" alt=\"Plakat mit Grafiken\/Illustrationen und Beschreibungstext f\u00fcr eine Sitzgelegenheit an einem spezifischen Ort in Weimar\" title=\"Salome Bockem\u00fchl Sitzen\" src=\"https:\/\/www.uni-weimar.de\/projekte\/kurzschluss\/wp-content\/uploads\/2022\/01\/Sammelmappe2_Seite_03.png\" data-orig-src=\"https:\/\/www.uni-weimar.de\/projekte\/kurzschluss\/wp-content\/uploads\/2022\/01\/Sammelmappe2_Seite_03-800x1131.png\" class=\"lazyload img-responsive wp-image-3779\" srcset=\"data:image\/svg+xml,%3Csvg%20xmlns%3D%27http%3A%2F%2Fwww.w3.org%2F2000%2Fsvg%27%20width%3D%273308%27%20height%3D%274678%27%20viewBox%3D%270%200%203308%204678%27%3E%3Crect%20width%3D%273308%27%20height%3D%274678%27%20fill-opacity%3D%220%22%2F%3E%3C%2Fsvg%3E\" data-srcset=\"https:\/\/www.uni-weimar.de\/projekte\/kurzschluss\/wp-content\/uploads\/2022\/01\/Sammelmappe2_Seite_03-200x283.png 200w, https:\/\/www.uni-weimar.de\/projekte\/kurzschluss\/wp-content\/uploads\/2022\/01\/Sammelmappe2_Seite_03-400x566.png 400w, https:\/\/www.uni-weimar.de\/projekte\/kurzschluss\/wp-content\/uploads\/2022\/01\/Sammelmappe2_Seite_03-600x848.png 600w, https:\/\/www.uni-weimar.de\/projekte\/kurzschluss\/wp-content\/uploads\/2022\/01\/Sammelmappe2_Seite_03-800x1131.png 800w, https:\/\/www.uni-weimar.de\/projekte\/kurzschluss\/wp-content\/uploads\/2022\/01\/Sammelmappe2_Seite_03-1200x1697.png 1200w\" data-sizes=\"auto\" data-orig-sizes=\"(max-width: 1024px) 100vw, (max-width: 640px) 100vw, 800px\" \/><\/span><\/div><\/div><\/div><div class=\"fusion-layout-column fusion_builder_column fusion-builder-column-2 fusion_builder_column_1_3 1_3 fusion-flex-column\" style=\"--awb-bg-size:cover;--awb-width-large:33.333333333333%;--awb-margin-top-large:0px;--awb-spacing-right-large:5.76%;--awb-margin-bottom-large:0px;--awb-spacing-left-large:5.76%;--awb-width-medium:100%;--awb-order-medium:0;--awb-spacing-right-medium:1.92%;--awb-spacing-left-medium:1.92%;--awb-width-small:100%;--awb-order-small:0;--awb-spacing-right-small:1.92%;--awb-spacing-left-small:1.92%;\"><div class=\"fusion-column-wrapper fusion-column-has-shadow fusion-flex-justify-content-flex-start fusion-content-layout-column\"><div class=\"fusion-text fusion-text-4\" style=\"--awb-font-size:var(--awb-typography4-font-size);--awb-line-height:var(--awb-typography4-line-height);--awb-letter-spacing:var(--awb-typography4-letter-spacing);--awb-text-transform:var(--awb-typography4-text-transform);--awb-text-font-family:var(--awb-typography4-font-family);--awb-text-font-weight:var(--awb-typography4-font-weight);--awb-text-font-style:var(--awb-typography4-font-style);\"><p>Der Prismen Stuhl entstand in Anlehnung an Goethes Farbforschungen. Er besteht aus einer prismenf\u00f6rmigen Sitzfl\u00e4che aus Plexiglas und zwei robusten Seitenw\u00e4nden aus Holz. Im Inneren der Sitzfl\u00e4che ist ein Farbspiel aus Garnf\u00e4den angebracht. Der Hocker ist sowohl f\u00fcr kurzes Verweilen als auch als Anschauungsobjekt geeignet und findet somit einen passenden Platz in dem Museum, zu dem Goethes Wohnhaus (der Ort, zu dem das Sitzobjekt entstand) heutzutage geworden ist.<\/p>\n<\/div><\/div><\/div><\/div><\/div><div class=\"fusion-fullwidth fullwidth-box fusion-builder-row-2 fusion-flex-container nonhundred-percent-fullwidth non-hundred-percent-height-scrolling\" style=\"--awb-border-radius-top-left:0px;--awb-border-radius-top-right:0px;--awb-border-radius-bottom-right:0px;--awb-border-radius-bottom-left:0px;\" ><div class=\"fusion-builder-row fusion-row fusion-flex-align-items-flex-start\" style=\"max-width:1216.8px;margin-left: calc(-4% \/ 2 );margin-right: calc(-4% \/ 2 );\"><div class=\"fusion-layout-column fusion_builder_column fusion-builder-column-3 fusion_builder_column_1_1 1_1 fusion-flex-column\" style=\"--awb-bg-size:cover;--awb-width-large:100%;--awb-margin-top-large:0px;--awb-spacing-right-large:1.92%;--awb-margin-bottom-large:0px;--awb-spacing-left-large:1.92%;--awb-width-medium:100%;--awb-order-medium:0;--awb-spacing-right-medium:1.92%;--awb-spacing-left-medium:1.92%;--awb-width-small:100%;--awb-order-small:0;--awb-spacing-right-small:1.92%;--awb-spacing-left-small:1.92%;\"><div class=\"fusion-column-wrapper fusion-column-has-shadow fusion-flex-justify-content-flex-start fusion-content-layout-column\"><\/div><\/div><\/div><\/div><\/p>\n","protected":false},"excerpt":{"rendered":"","protected":false},"author":7,"featured_media":3926,"comment_status":"open","ping_status":"open","sticky":false,"template":"","format":"standard","meta":{"inline_featured_image":false,"footnotes":""},"categories":[85],"tags":[],"class_list":["post-3855","post","type-post","status-publish","format-standard","has-post-thumbnail","hentry","category-sitzen"],"acf":[],"_links":{"self":[{"href":"https:\/\/www.uni-weimar.de\/projekte\/kurzschluss\/wp-json\/wp\/v2\/posts\/3855","targetHints":{"allow":["GET"]}}],"collection":[{"href":"https:\/\/www.uni-weimar.de\/projekte\/kurzschluss\/wp-json\/wp\/v2\/posts"}],"about":[{"href":"https:\/\/www.uni-weimar.de\/projekte\/kurzschluss\/wp-json\/wp\/v2\/types\/post"}],"author":[{"embeddable":true,"href":"https:\/\/www.uni-weimar.de\/projekte\/kurzschluss\/wp-json\/wp\/v2\/users\/7"}],"replies":[{"embeddable":true,"href":"https:\/\/www.uni-weimar.de\/projekte\/kurzschluss\/wp-json\/wp\/v2\/comments?post=3855"}],"version-history":[{"count":10,"href":"https:\/\/www.uni-weimar.de\/projekte\/kurzschluss\/wp-json\/wp\/v2\/posts\/3855\/revisions"}],"predecessor-version":[{"id":5442,"href":"https:\/\/www.uni-weimar.de\/projekte\/kurzschluss\/wp-json\/wp\/v2\/posts\/3855\/revisions\/5442"}],"wp:featuredmedia":[{"embeddable":true,"href":"https:\/\/www.uni-weimar.de\/projekte\/kurzschluss\/wp-json\/wp\/v2\/media\/3926"}],"wp:attachment":[{"href":"https:\/\/www.uni-weimar.de\/projekte\/kurzschluss\/wp-json\/wp\/v2\/media?parent=3855"}],"wp:term":[{"taxonomy":"category","embeddable":true,"href":"https:\/\/www.uni-weimar.de\/projekte\/kurzschluss\/wp-json\/wp\/v2\/categories?post=3855"},{"taxonomy":"post_tag","embeddable":true,"href":"https:\/\/www.uni-weimar.de\/projekte\/kurzschluss\/wp-json\/wp\/v2\/tags?post=3855"}],"curies":[{"name":"wp","href":"https:\/\/api.w.org\/{rel}","templated":true}]}}